[{"@context":"https:\/\/schema.org\/","@type":"Article","@id":"https:\/\/www.fidlatka.cz\/jak-dobre-znate-provetravane-fasady\/#Article","mainEntityOfPage":"https:\/\/www.fidlatka.cz\/jak-dobre-znate-provetravane-fasady\/","headline":"Jak dob\u0159e zn\u00e1te prov\u011btr\u00e1van\u00e9 fas\u00e1dy","name":"Jak dob\u0159e zn\u00e1te prov\u011btr\u00e1van\u00e9 fas\u00e1dy","description":"\u0158\u00edk\u00e1 v\u00e1m n\u011bco pojem prov\u011btr\u00e1van\u00e9 fas\u00e1dy z Olomouce? Pokud jste se s t\u00edmto term\u00ednem setkali poprv\u00e9 a nedok\u00e1\u017eete si.","datePublished":"2025-01-19","dateModified":"2025-01-19","author":{"@type":"Person","@id":"https:\/\/www.fidlatka.cz\/author\/devene\/#Person","name":"devene","url":"https:\/\/www.fidlatka.cz\/author\/devene\/","identifier":1,"image":{"@type":"ImageObject","@id":"https:\/\/secure.gravatar.com\/avatar\/bf8a2da9791e94b6eb5cec245ee5eeceecb651e79e829278e2c546441579397e?s=96&d=mm&r=g","url":"https:\/\/secure.gravatar.com\/avatar\/bf8a2da9791e94b6eb5cec245ee5eeceecb651e79e829278e2c546441579397e?s=96&d=mm&r=g","height":96,"width":96}},"publisher":{"@type":"Organization","name":"fidlatka.cz","logo":{"@type":"ImageObject","@id":"\/logo.png","url":"\/logo.png","width":600,"height":60}},"image":{"@type":"ImageObject","@id":"https:\/\/www.fidlatka.cz\/wp-content\/uploads\/barrow-420728_640_10_2.jpg","url":"https:\/\/www.fidlatka.cz\/wp-content\/uploads\/barrow-420728_640_10_2.jpg","height":0,"width":0},"url":"https:\/\/www.fidlatka.cz\/jak-dobre-znate-provetravane-fasady\/","about":["Zbo\u017e\u00ed"],"wordCount":423,"articleBody":"          \u0158\u00edk\u00e1 v\u00e1m n\u011bco pojem prov\u011btr\u00e1van\u00e9 fas\u00e1dy z Olomouce? Pokud jste se s t\u00edmto term\u00ednem setkali poprv\u00e9 a nedok\u00e1\u017eete si p\u0159edstavit, o\u010d se jedn\u00e1, mohli bychom v\u00e1m na modelov\u00e9m p\u0159\u00edkladu popsat skute\u010dn\u00fd p\u0159\u00edb\u011bh, kter\u00fd se stal v devades\u00e1t\u00fdch letech minul\u00e9ho stolet\u00ed. V jednom men\u0161\u00edm m\u011bst\u011b v kladensk\u00e9m okrese se lid\u00e9 dohodli, \u017ee tu prob\u011bhne plynofikace, a ka\u017ed\u00fd majitel rodinn\u00e9ho domu tu byl pov\u011b\u0159en p\u0159\u00edpravou pot\u0159ebn\u00e9ho z\u00e1zem\u00ed pro ulo\u017een\u00ed plynom\u011bru a hlavn\u00edho uz\u00e1v\u011bru plynu. Nap\u0159\u00edklad to znamenalo vybourat v obvodov\u00e9m zdivu dostate\u010dn\u011b velk\u00fd otvor pro tato za\u0159\u00edzen\u00ed. V tomto regionu se vyskytovaly domy stav\u011bn\u00e9 z opukov\u00e9ho kamene a p\u0159i bour\u00e1n\u00ed zdiva pracovn\u00edci objevili d\u016fmyslnou v\u011btrac\u00ed \u0161achtu, kter\u00e1 prov\u011btr\u00e1vala prostor mezi vn\u011bj\u0161\u00edm pl\u00e1\u0161t\u011bm budovy a vnit\u0159n\u00ed st\u011bnou. \u0160lo tedy o p\u0159edch\u016fdce sou\u010dasn\u00fdch prov\u011btr\u00e1van\u00fdch fas\u00e1d. Vzduchov\u00e1 mezera o s\u00edle cca 100 mm tu zaji\u0161\u0165ovala odv\u011btr\u00e1v\u00e1n\u00ed vzduchu, \u010d\u00edm\u017e se br\u00e1nilo vzniku pl\u00edsn\u00ed uvnit\u0159 domu a z\u00e1rove\u0148 tu vzduch vytv\u00e1\u0159el izola\u010dn\u00ed vrstvu, kter\u00e1 udr\u017eovala teplo v zimn\u00edch m\u011bs\u00edc\u00edch ve vnit\u0159n\u00edch prostor\u00e1ch, a v letn\u00edch m\u011bs\u00edc\u00edch br\u00e1nila pr\u016fniku hork\u00e9ho vzduchu zven\u010d\u00ed dovnit\u0159. Uv\u011bdomte si, \u017ee tehdy neexistoval \u017e\u00e1dn\u00fd fas\u00e1dn\u00ed polystyren, a i p\u0159esto bylo bydlen\u00ed v takov\u00e9m dom\u011b velmi komfortn\u00ed \u2013 jin\u00fdmi slovy v l\u00e9t\u011b tam nebylo vedro a v zim\u011b jste u\u0161et\u0159ili za vyt\u00e1p\u011bn\u00ed velk\u00e9 pen\u00edze.Prov\u011btr\u00e1van\u00e9 fas\u00e1dy maj\u00ed sv\u016fj v\u00fdznam i u modern\u00edch staveb, kde se vyskytuj\u00ed mezi fas\u00e1dou a vn\u011bj\u0161\u00edm opl\u00e1\u0161t\u011bn\u00edm. V z\u00e1sad\u011b pln\u00ed stejnou funkci jako v\u00fd\u0161e popsan\u00fd model a lze je uplatnit na jak\u00e9koli stavb\u011b. M\u00e1te-li z\u00e1jem dozv\u011bd\u011bt se bli\u017e\u0161\u00ed informace o tomto \u0159e\u0161en\u00ed, m\u00e1te mo\u017enost kontaktovat odborn\u00edky, kte\u0159\u00ed prov\u011btr\u00e1van\u00e9 fas\u00e1dy instaluj\u00ed a mohou se k t\u00e9to problematice vyj\u00e1d\u0159it jako skute\u010dn\u00ed profesion\u00e1lov\u00e9. T\u0159eba toto \u0159e\u0161en\u00ed oslov\u00ed pr\u00e1v\u011b v\u00e1s a p\u0159inese v\u00e1m to, co p\u0159in\u00e1\u0161el d\u016fm z opukov\u00e9ho kamene lidem na Kladensku ji\u017e v prvn\u00ed polovin\u011b dvac\u00e1t\u00e9ho stolet\u00ed.                                                                                                                                                                                                                                                                                                                                                                                                  "},{"@context":"https:\/\/schema.org\/","@type":"BreadcrumbList","itemListElement":[{"@type":"ListItem","position":1,"name":"Jak dob\u0159e zn\u00e1te prov\u011btr\u00e1van\u00e9 fas\u00e1dy","item":"https:\/\/www.fidlatka.cz\/jak-dobre-znate-provetravane-fasady\/#breadcrumbitem"}]}]